[{"@context":"https:\/\/schema.org\/","@type":"Article","@id":"https:\/\/www.kaprrici.cz\/s-paletami-je-o-problem-min\/#Article","mainEntityOfPage":"https:\/\/www.kaprrici.cz\/s-paletami-je-o-problem-min\/","headline":"S paletami je o probl\u00e9m m\u00ed\u0148","name":"S paletami je o probl\u00e9m m\u00ed\u0148","description":"P\u0159epravn\u00ed palety u\u017e jste nejsp\u00ed\u0161e n\u011bkdy v \u017eivot\u011b vid\u011bli. Staly se toti\u017e u\u017e b\u011b\u017enou sou\u010d\u00e1st\u00ed \u017eivota nejedn\u00e9 profese, nejednou se bez nich snad u\u017e ani &hellip; ","datePublished":"2019-08-05","dateModified":"2024-02-27","author":{"@type":"Person","@id":"https:\/\/www.kaprrici.cz\/author\/#Person","name":"kaprrici.cz\n","url":"https:\/\/www.kaprrici.cz\/author\/","identifier":1,"image":{"@type":"ImageObject","@id":"https:\/\/secure.gravatar.com\/avatar\/ac70c9e5ac34d1687bd81eed3e0a5127e2920111fdfe832b53d740bc4b86c4fd?s=96&d=mm&r=g","url":"https:\/\/secure.gravatar.com\/avatar\/ac70c9e5ac34d1687bd81eed3e0a5127e2920111fdfe832b53d740bc4b86c4fd?s=96&d=mm&r=g","height":96,"width":96}},"publisher":{"@type":"Organization","name":"kaprrici.cz","logo":{"@type":"ImageObject","@id":"\/logo.png","url":"\/logo.png","width":600,"height":60}},"image":{"@type":"ImageObject","@id":"https:\/\/www.kaprrici.cz\/wp-content\/uploads\/img_a357383_w1776_t1571916335.jpg","url":"https:\/\/www.kaprrici.cz\/wp-content\/uploads\/img_a357383_w1776_t1571916335.jpg","height":0,"width":0},"url":"https:\/\/www.kaprrici.cz\/s-paletami-je-o-problem-min\/","about":["V\u00fdrobky"],"wordCount":420,"articleBody":"      P\u0159epravn\u00ed palety u\u017e jste nejsp\u00ed\u0161e n\u011bkdy v \u017eivot\u011b vid\u011bli. Staly se toti\u017e u\u017e b\u011b\u017enou sou\u010d\u00e1st\u00ed \u017eivota nejedn\u00e9 profese, nejednou se bez nich snad u\u017e ani nedok\u00e1\u017eeme obej\u00edt, a proto je m\u016f\u017eeme potkat leckde kolem sebe. Naraz\u00edme na n\u011b (pomysln\u011b a  t\u0159eba a i nepomysln\u011b) v lecjak\u00e9m skladu, na stavb\u011b, v obchod\u011b, u nejednoho dopravce,\u2026 Prost\u011b v\u0161ude, kde je pot\u0159eba p\u0159em\u00eds\u0165ovat n\u00e1klady, a to p\u0159edev\u0161\u00edm ty skl\u00e1daj\u00edc\u00ed se z v\u011bt\u0161\u00edho mno\u017estv\u00ed jednotliv\u00fdch balen\u00ed. Takov\u00e9 paletyj jsou toti\u017e p\u0159i manipulaci s podobn\u00fdm n\u00e1kladem v\u00edce ne\u017e u\u017eite\u010dn\u00fdmi pomocn\u00edky. Zbo\u017e\u00ed \u010di materi\u00e1l se na n\u011b naskl\u00e1d\u00e1 t\u0159eba hned ve v\u00fdrob\u011b, upevn\u00ed se to na nich a zabal\u00ed. A n\u00e1sledn\u00e1 manipulace s n\u011b\u010d\u00edm takov\u00fdm za pomoci vysokozdvi\u017en\u00e9ho nebo n\u00edzkozdvi\u017en\u00e9ho voz\u00edku je pak u\u017e hra\u010dka, alespo\u0148 tedy ve srovn\u00e1n\u00ed s t\u00edm, co by bylo pot\u0159eba u\u010dinit, kdyby t\u00e9to mo\u017enosti nebylo. Co\u017e plat\u00ed pro klasick\u00e9 europalety stejn\u011b jako pro palety atypick\u00e9, d\u011blan\u00e9 podle po\u017eadavk\u016f toho kter\u00e9ho odb\u011bratele, i pro gitterboxy. N\u00e1klad na palet\u011b se snadno odveze a ulo\u017e\u00ed do skladu. Je to p\u0159ehledn\u00e9, nezab\u00edr\u00e1 to zbyte\u010dn\u011b m\u00edsto, nic se b\u011bhem st\u011bhov\u00e1n\u00ed nepo\u0161kod\u00ed ani nepoztr\u00e1c\u00ed. Ze skladu se to pak stejn\u011b pohodln\u011b p\u0159esune na n\u00e1kladn\u00ed prostor vag\u00f3nu, kamionu, n\u00e1kladn\u00edho auta nebo do kontejneru, kde se t\u00edm efektivn\u011b zapln\u00ed prostor, cestou nehroz\u00ed, \u017ee by se takto ulo\u017een\u00fd n\u00e1klad rozsypal a po\u0161kodil, a v c\u00edli cesty se v\u0161e zase hrav\u011b vylo\u017e\u00ed. A palety? Kdy\u017e je z nich n\u00e1klad v c\u00edli slo\u017een, daj\u00ed se jednodu\u0161e naskl\u00e1dat na sebe a ulo\u017eit n\u011bkam, kde d\u00edky tomu nezaberou p\u0159\u00edli\u0161 m\u00edsta. A tam mohou spo\u010d\u00edvat a\u017e do doby, ne\u017e se pro n\u011b nalezne dal\u0161\u00ed uplatn\u011bn\u00ed. A d\u00edky tomu, jak skv\u011blou slu\u017ebu takov\u00e9 palety nab\u00edzej\u00ed, je jist\u00e9, \u017ee se zase uplatn\u011bn\u00ed najde. Proto\u017ee bychom jen t\u011b\u017eko hledali dopravce, skladn\u00edky, stavitele a podobn\u00e9 lidi, kte\u0159\u00ed by vyu\u017eit\u00edm palet opovrhnuli a rad\u011bji p\u0159en\u00e1\u0161eli ohromn\u00e1 kvanta v\u0161eho mo\u017en\u00e9ho ru\u010dn\u011b kus po kuse. Byli by t\u00edm sami proti sob\u011b.                                                                                                                                                                                                                                                                                                                                                                                          3.3\/5 - (6 votes)        "},{"@context":"https:\/\/schema.org\/","@type":"BreadcrumbList","itemListElement":[{"@type":"ListItem","position":1,"name":"S paletami je o probl\u00e9m m\u00ed\u0148","item":"https:\/\/www.kaprrici.cz\/s-paletami-je-o-problem-min\/#breadcrumbitem"}]}]