[{"@context":"https:\/\/schema.org\/","@type":"Article","@id":"https:\/\/www.kaprrici.cz\/sperk-pro-zvlastni-prilezitosti\/#Article","mainEntityOfPage":"https:\/\/www.kaprrici.cz\/sperk-pro-zvlastni-prilezitosti\/","headline":"\u0160perk pro zvl\u00e1\u0161tn\u00ed p\u0159\u00edle\u017eitosti","name":"\u0160perk pro zvl\u00e1\u0161tn\u00ed p\u0159\u00edle\u017eitosti","description":"Nakupujete \u0161perky pro svou p\u0159\u00edtelkyni t\u00e9m\u011b\u0159 s \u017eeleznou pravidelnost\u00ed? Mysl\u00edte si, \u017ee u\u017e jste j\u00ed dal v\u0161e, co jste mohl? Ur\u010dit\u011b tomu tak nen\u00ed, pokud &hellip; ","datePublished":"2024-11-10","dateModified":"2024-11-10","author":{"@type":"Person","@id":"https:\/\/www.kaprrici.cz\/author\/#Person","name":"kaprrici.cz\n","url":"https:\/\/www.kaprrici.cz\/author\/","identifier":1,"image":{"@type":"ImageObject","@id":"https:\/\/secure.gravatar.com\/avatar\/ac70c9e5ac34d1687bd81eed3e0a5127e2920111fdfe832b53d740bc4b86c4fd?s=96&d=mm&r=g","url":"https:\/\/secure.gravatar.com\/avatar\/ac70c9e5ac34d1687bd81eed3e0a5127e2920111fdfe832b53d740bc4b86c4fd?s=96&d=mm&r=g","height":96,"width":96}},"publisher":{"@type":"Organization","name":"kaprrici.cz","logo":{"@type":"ImageObject","@id":"\/logo.png","url":"\/logo.png","width":600,"height":60}},"url":"https:\/\/www.kaprrici.cz\/sperk-pro-zvlastni-prilezitosti\/","wordCount":221,"articleBody":"Nakupujete \u0161perky pro svou p\u0159\u00edtelkyni t\u00e9m\u011b\u0159 s \u017eeleznou pravidelnost\u00ed? Mysl\u00edte si, \u017ee u\u017e jste j\u00ed dal v\u0161e, co jste mohl? Ur\u010dit\u011b tomu tak nen\u00ed, pokud jste ji je\u0161t\u011b nepo\u017e\u00e1dal o ruku. Ud\u011blejte to s n\u00e1mi. Nab\u00edz\u00edme z\u00e1snubn\u00ed prsteny pro v\u0161echny \u017eeny. M\u016f\u017eete vyb\u00edrat ze zlata, st\u0159\u00edbra i z chirurgick\u00e9 oceli, pokud je va\u0161e mil\u00e1 alergick\u00e1 na u\u0161lechtil\u00e9 kovy. M\u016f\u017eete j\u00ed dop\u0159\u00e1t prav\u00fd k\u00e1men nebo zirkon, ale u v\u0161ech variant si m\u016f\u017eete b\u00fdt jisti, \u017ee j\u00ed ud\u011bl\u00e1te velikou radost.\tKr\u00e1sn\u00fd \u0161perk pro v\u00fdjime\u010dnou \u017eenuJe pro v\u00e1s va\u0161e p\u0159\u00edtelkyn\u011b v\u00fdjime\u010dn\u00e1? Vyberte ji k tomu vhodn\u00fd \u0161perk z na\u0161\u00ed d\u00edlny. U ka\u017ed\u00e9ho na\u0161eho kusu se m\u016f\u017eete pod\u00edvat, jak vypad\u00e1 v realit\u011b. To co si koup\u00edte, to od n\u00e1s dostanete. M\u016f\u017eete si u n\u00e1s rovn\u011b\u017e nechat vyr\u00fdt i n\u011bjak\u00e9 v\u011bnov\u00e1n\u00ed, \u010di slovo nebo datum, kter\u00e9 m\u00e1 v\u00fdznam jen pro v\u00e1s dva, a kter\u00e9 v\u00e1s spojuje. Ka\u017ed\u00fd \u0161perk tvo\u0159\u00edte s\u00e1m d\u00edky tomu, \u017ee vyb\u00edr\u00e1te k\u00e1men, velikost a barvu, tedy kov, ze kter\u00e9ho bude vyroben.                                                                                                                                                                                                                                                                                                                                                                                        4.7\/5 - (4 votes)        "},{"@context":"https:\/\/schema.org\/","@type":"BreadcrumbList","itemListElement":[{"@type":"ListItem","position":1,"name":"\u0160perk pro zvl\u00e1\u0161tn\u00ed p\u0159\u00edle\u017eitosti","item":"https:\/\/www.kaprrici.cz\/sperk-pro-zvlastni-prilezitosti\/#breadcrumbitem"}]}]