[{"@context":"https:\/\/schema.org\/","@type":"Article","@id":"https:\/\/www.kaprrici.cz\/uvahy-a-predstavy-o-krase\/#Article","mainEntityOfPage":"https:\/\/www.kaprrici.cz\/uvahy-a-predstavy-o-krase\/","headline":"\u00davahy a p\u0159edstavy o kr\u00e1se","name":"\u00davahy a p\u0159edstavy o kr\u00e1se","description":"Kdy\u017e se budeme bavit o kr\u00e1se, tak ka\u017ed\u00fd z n\u00e1s si bude p\u0159edstavovat n\u011bco jin\u00e9ho. Protiklad nebo postoupnost kr\u00e1sy je o\u0161klivost a s\u00a0t\u011bmito slovy se &hellip; ","datePublished":"2023-04-28","dateModified":"2023-04-28","author":{"@type":"Person","@id":"https:\/\/www.kaprrici.cz\/author\/#Person","name":"kaprrici.cz\n","url":"https:\/\/www.kaprrici.cz\/author\/","identifier":1,"image":{"@type":"ImageObject","@id":"https:\/\/secure.gravatar.com\/avatar\/ac70c9e5ac34d1687bd81eed3e0a5127e2920111fdfe832b53d740bc4b86c4fd?s=96&d=mm&r=g","url":"https:\/\/secure.gravatar.com\/avatar\/ac70c9e5ac34d1687bd81eed3e0a5127e2920111fdfe832b53d740bc4b86c4fd?s=96&d=mm&r=g","height":96,"width":96}},"publisher":{"@type":"Organization","name":"kaprrici.cz","logo":{"@type":"ImageObject","@id":"\/logo.png","url":"\/logo.png","width":600,"height":60}},"url":"https:\/\/www.kaprrici.cz\/uvahy-a-predstavy-o-krase\/","about":["Kr\u00e1sa"],"wordCount":527,"articleBody":"Kdy\u017e se budeme bavit o kr\u00e1se, tak ka\u017ed\u00fd z n\u00e1s si bude p\u0159edstavovat n\u011bco jin\u00e9ho. Protiklad nebo postoupnost kr\u00e1sy je o\u0161klivost a s\u00a0t\u011bmito slovy se setk\u00e1v\u00e1me po cel\u00e9 v\u011bky. Tak\u017ee by se dalo \u0159\u00edci, \u017ee kr\u00e1sa je pojem \u010dist\u011b relativn\u00ed, kter\u00e1 je vn\u00edm\u00e1na smysly ka\u017ed\u00e9ho jedince jinak.Co si nap\u0159\u00edklad p\u0159edstavuj\u00ed \u017eeny o kr\u00e1se? P\u0159ev\u00e1\u017en\u00e1 v\u011bt\u0161ina m\u00e1 vysn\u011bnou kr\u00e1su jinou. Mo\u017en\u00e1 proto, \u017ee v\u00a0dan\u00e9m \u010dase se prezentuje kr\u00e1sa \u017eeny takov\u00e1, kter\u00e1 je pro ni a\u017e nedosa\u017eiteln\u00e1. Nap\u0159\u00edklad podle \u0161t\u00edhl\u00fdch modelek a dikt\u00e1tu m\u00f3dy. Ale je to ur\u010dit\u011b psychick\u00e1 z\u00e1le\u017eitost ka\u017ed\u00e9 \u017eeny. Je\u0161t\u011b \u017ee \u017eeny maj\u00ed zdrav\u00fd \u017eensk\u00fd rozum a uv\u011bdomuj\u00ed si, \u017ee jejich kr\u00e1sa je jin\u00e1 a nebudou se kv\u016fli tomu tr\u00e1pit.Pro \u017eenu je d\u016fle\u017eit\u00e9 hlavn\u011b jej\u00ed sebev\u011bdom\u00ed a v\u00ed, \u017ee nemus\u00ed vypadat jako modelka. A nap\u0159\u00edklad ka\u017ed\u00e1 \u017eena &#8211; matka v\u00ed, je naprosto p\u0159esv\u011bd\u010den\u00e1, \u017ee jej\u00ed dcera nebo syn jsou nejkr\u00e1sn\u011bj\u0161\u00ed.\u00a0\u00a0\u00a0 o\u00a0\u00a0\u00a0 Pohled mu\u017ee na kr\u00e1su \u017eeny je od nepam\u011bti st\u00e1le stejn\u00fd. N\u011bkter\u00fdm si l\u00edb\u00ed \u017eeny \u0161t\u00edhl\u00e9, kypr\u00e9, sv\u011btl\u00e9, tmav\u00e9, ale p\u0159ev\u00e1\u017en\u011b mu\u017ei v\u00a0\u017een\u00e1ch vid\u00ed budouc\u00ed matkov\u00fdch d\u011bt\u00ed: vn\u00edmaj\u00ed pom\u011br bok\u016f a pasu, kypr\u00e1 \u0148adra, pravidelnou tv\u00e1\u0159, \u010distou ple\u0165, zdrav\u00e9 vlasy a zuby, hlas, dr\u017een\u00ed t\u011bla, ch\u016fzi a v\u016fni \u2013 v\u0161e, co k\u00a0\u017een\u011b pat\u0159\u00ed. A ka\u017ed\u00fd mu\u017e si vybere pro sebe tu kr\u00e1snou.Co je pro n\u011bkoho nap\u0159\u00edklad objektem kr\u00e1sy a touhy, pro druh\u00e9ho m\u016f\u017ee b\u00fdt jen kr\u00e1sn\u00fdm obalem. Pak je i obdob\u00ed, kdy v\u00a0ur\u010dit\u00e9m v\u011bku napadne ka\u017edou \u017eenu, jestli je je\u0161t\u011b kr\u00e1sn\u00e1, kdy\u017e pomalu ztr\u00e1c\u00ed sv\u00e9 k\u0159ivky a vlasy \u0161ediv\u00ed. Ale i s touto kr\u00e1sou se dok\u00e1\u017eou \u017eeny vyrovnat.\u00a0\u00a0\u00a0 o\u00a0\u00a0\u00a0 Kr\u00e1sa \u2013 to je i estetick\u00e9 hodnocen\u00ed ur\u010dit\u00e9 kategorie \u2013 kr\u00e1sa \u010dlov\u011bka, p\u0159\u00edrody, my\u0161lenky, od\u011bvu, vztahu, obrazu\u2026 a to ka\u017ed\u00fd z\u00a0n\u00e1s vn\u00edm\u00e1 jinak. A estetika je t\u011bsn\u011b spjat\u00e1 se\u00a0vkusem a n\u011bkdo u\u017e napsal, \u017ee vkus je spojen\u00fd s\u00a0p\u0159edstavou o kr\u00e1se. V\u00a0r\u016fzn\u00fdch dob\u00e1ch, v\u00a0r\u016fzn\u00fdch spole\u010denstv\u00edch a n\u00e1rodech se p\u0159edstava ide\u00e1lu kr\u00e1sy a dokonalosti jin\u00e1, neust\u00e1le se m\u011bn\u00ed a vyv\u00edj\u00ed. V ka\u017ed\u00e9m obdob\u00ed p\u0159edstava o ide\u00e1lu kr\u00e1sy ozna\u010d\u00ed i to, co je o\u0161kliv\u00e9 a nevkusn\u00e9. Jednodu\u0161e \u0159e\u010deno, pohled na kr\u00e1su m\u00e1 mnoho protiklad\u016f. \u00a0\u00a0\u00a0 o\u00a0\u00a0\u00a0 Pokud je n\u011bco kr\u00e1sn\u00e9 \u2013 tento pojem ka\u017ed\u00fd sv\u00fdm zp\u016fsobem m\u016f\u017ee vn\u00edmat jinak. Pokud se t\u00fdk\u00e1 kr\u00e1sy lidsk\u00e9 bytosti, nap\u0159\u00edklad \u017eeny, tak n\u011bkdo vn\u00edm\u00e1 kr\u00e1su t\u011bla, druh\u00fd vn\u00edm\u00e1 kr\u00e1su intelektu\u00a0 a vnit\u0159n\u00ed kr\u00e1su.                                                                                                                                                                                                                                                                                                                                                                                        4.6\/5 - (8 votes)        "},{"@context":"https:\/\/schema.org\/","@type":"BreadcrumbList","itemListElement":[{"@type":"ListItem","position":1,"name":"\u00davahy a p\u0159edstavy o kr\u00e1se","item":"https:\/\/www.kaprrici.cz\/uvahy-a-predstavy-o-krase\/#breadcrumbitem"}]}]